{"id":88958,"date":"2026-08-28T18:21:51","date_gmt":"2026-08-28T18:21:51","guid":{"rendered":"https:\/\/motorad.com\/motorad-en-aapex-2026-mas-formas-de-decir-si\/"},"modified":"2026-08-28T18:23:17","modified_gmt":"2026-08-28T18:23:17","slug":"motorad-en-aapex-2026-mas-formas-de-decir-si","status":"publish","type":"post","link":"https:\/\/motorad.com\/es\/motorad-en-aapex-2026-mas-formas-de-decir-si\/","title":{"rendered":"MotoRad en AAPEX 2026: M\u00e1s formas de decir S\u00cd"},"content":{"rendered":"\n<p class=\"wp-block-paragraph\" style=\"margin-top:var(--wp--preset--spacing--40);margin-bottom:var(--wp--preset--spacing--40)\">MotoRad vuelve a Las Vegas para la feria AAPEX 2026, del 3 al 5 de noviembre, donde nuestro equipo internacional se reunir\u00e1 con clientes y socios de todo el sector de recambios de automoci\u00f3n.<\/p>\n\n<figure class=\"wp-block-image size-large\"><img loading=\"lazy\" decoding=\"async\" width=\"1024\" height=\"768\" src=\"https:\/\/motorad.com\/wp-content\/uploads\/2026\/08\/aapex-booth-1024x768.png\" alt=\"\" class=\"wp-image-88949\" srcset=\"https:\/\/motorad.com\/wp-content\/uploads\/2026\/08\/aapex-booth-1024x768.png 1024w, https:\/\/motorad.com\/wp-content\/uploads\/2026\/08\/aapex-booth-300x225.png 300w, https:\/\/motorad.com\/wp-content\/uploads\/2026\/08\/aapex-booth-768x576.png 768w, https:\/\/motorad.com\/wp-content\/uploads\/2026\/08\/aapex-booth.png 1448w\" sizes=\"auto, (max-width: 1024px) 100vw, 1024px\" \/><\/figure>\n\n<p class=\"wp-block-paragraph\" style=\"margin-top:var(--wp--preset--spacing--40);margin-bottom:var(--wp--preset--spacing--40)\">AAPEX es el lugar donde se re\u00fane el sector para hacer negocios. Para MotoRad, eso significa poder conocer en persona a quienes gestionan las categor\u00edas, reponen las estanter\u00edas, atienden a los t\u00e9cnicos profesionales y se aseguran de que las piezas adecuadas est\u00e9n disponibles cuando los clientes las necesiten.   <\/p>\n\n<h2 id=\"h-turning-conversations-into-better-business\" class=\"wp-block-heading\">C\u00f3mo convertir las conversaciones en mejores resultados empresariales<\/h2>\n\n<p class=\"wp-block-paragraph\" style=\"margin-top:var(--wp--preset--spacing--40);margin-bottom:var(--wp--preset--spacing--40)\">El a\u00f1o pasado, nuestro mensaje en AAPEX fue muy sencillo: <strong>\u00abJuntos decimos S\u00cd\u00bb.<\/strong><\/p>\n\n<p class=\"wp-block-paragraph\" style=\"margin-top:var(--wp--preset--spacing--40);margin-bottom:var(--wp--preset--spacing--40)\">Y eso seguir\u00e1 as\u00ed en 2026.<\/p>\n\n<p class=\"wp-block-paragraph\" style=\"margin-top:var(--wp--preset--spacing--40);margin-bottom:var(--wp--preset--spacing--40)\">Venimos a AAPEX para escucharos. \u00bfQu\u00e9 aplicaciones ech\u00e1is en falta? \u00bfD\u00f3nde veis una nueva demanda? \u00bfQu\u00e9 podemos hacer para mejorar la cobertura, la disponibilidad, los datos de los productos o la asistencia?   <\/p>\n\n<p class=\"wp-block-paragraph\" style=\"margin-top:var(--wp--preset--spacing--40);margin-bottom:var(--wp--preset--spacing--40)\">Esas conversaciones nos ayudan a decidir qu\u00e9 creamos y qu\u00e9 hacemos a continuaci\u00f3n.<\/p>\n\n<p class=\"wp-block-paragraph\" style=\"margin-top:var(--wp--preset--spacing--40);margin-bottom:var(--wp--preset--spacing--40)\">Nuestro objetivo es facilitar a nuestros socios la tarea de disponer de la pieza adecuada, para el veh\u00edculo adecuado, en el momento adecuado; y, en definitiva, ayudarte a decir \u00abs\u00ed\u00bb a tus clientes m\u00e1s a menudo.<\/p>\n\n<h2 id=\"h-more-coverage-more-solutions\" class=\"wp-block-heading\">M\u00e1s cobertura. M\u00e1s soluciones. <\/h2>\n\n<p class=\"wp-block-paragraph\" style=\"margin-top:var(--wp--preset--spacing--40);margin-bottom:var(--wp--preset--spacing--40)\">En AAPEX 2026, el equipo de MotoRad destacar\u00e1 nuestro crecimiento constante en todas las categor\u00edas de productos en las que conf\u00edan nuestros clientes, entre las que se incluyen:<\/p>\n\n<ul class=\"wp-block-list\">\n<li>Soluciones de gesti\u00f3n t\u00e9rmica<\/li>\n\n\n\n<li>Controles del tren de potencia y gesti\u00f3n del motor<\/li>\n\n\n\n<li>Componentes del sistema EVAP y de emisiones<\/li>\n\n\n\n<li>Tapones para combustible, l\u00edquido refrigerante, aceite y otros productos especiales<\/li>\n\n\n\n<li>Ampliar la cobertura de las aplicaciones para el parque automovil\u00edstico actual<\/li>\n\n\n\n<li>Contenido y datos del producto pensados para facilitar la catalogaci\u00f3n, el almacenamiento y la venta<\/li>\n<\/ul>\n\n<p class=\"wp-block-paragraph\" style=\"margin-top:var(--wp--preset--spacing--50);margin-bottom:var(--wp--preset--spacing--50)\">Ya sea para ampliar la cobertura, mejorar un programa actual, planificar la pr\u00f3xima ampliaci\u00f3n de la gama de productos o dar respuesta a una necesidad concreta del mercado, AAPEX nos da la oportunidad de abordarlo juntos.<\/p>\n\n<h2 id=\"h-built-around-our-partners\" class=\"wp-block-heading\">Creado pensando en nuestros socios<\/h2>\n\n<p class=\"wp-block-paragraph\" style=\"margin-top:var(--wp--preset--spacing--40);margin-bottom:var(--wp--preset--spacing--40)\">Los productos son solo una parte de la conversaci\u00f3n.<\/p>\n\n<p class=\"wp-block-paragraph\" style=\"margin-top:var(--wp--preset--spacing--40);margin-bottom:var(--wp--preset--spacing--40)\">MotoRad sigue invirtiendo en ingenier\u00eda, fabricaci\u00f3n, capacidades de la cadena de suministro, cobertura de aplicaciones y contenido de productos para que nuestros socios puedan trabajar con mayor confianza y atender a m\u00e1s clientes.<\/p>\n\n<p class=\"wp-block-paragraph\" style=\"margin-top:var(--wp--preset--spacing--40);margin-bottom:var(--wp--preset--spacing--40)\">AAPEX nos da tres d\u00edas para poner en pr\u00e1ctica esas capacidades y adaptarlas a las necesidades reales de las empresas.<\/p>\n\n<h2 id=\"h-see-motorad-at-aapex-2026\" class=\"wp-block-heading\">Ven a ver a MotoRad en AAPEX 2026<\/h2>\n\n<p class=\"wp-block-paragraph\" style=\"margin-top:var(--wp--preset--spacing--50);margin-bottom:var(--wp--preset--spacing--50)\">AAPEX 2026 se celebra <strong>del 3 al 5 de noviembre de 2026<\/strong> en el <strong>Venetian Expo y el AAPEX Forum de Las Vegas<\/strong>.  <\/p>\n\n<p class=\"wp-block-paragraph\" style=\"margin-top:var(--wp--preset--spacing--50);margin-bottom:var(--wp--preset--spacing--50)\">Ven a ver al equipo de MotoRad en <strong><a href=\"https:\/\/aapex2026.mapyourshow.com\/8_0\/exhview\/index.cfm?orsearchtype0=exhibitor&amp;orsearchvalue0=5423&amp;orsearchdisplay0=Exhibitor&amp;orsearchvaluedisplay0=MotoRad%20of%20America&amp;hallID=B&amp;selectedBooth=V2818\">el stand V2818<\/a><\/strong> y cu\u00e9ntanos qu\u00e9 es lo pr\u00f3ximo a lo que dir\u00edas \u00abS\u00cd\u00bb.<\/p>\n\n<p class=\"wp-block-paragraph\" style=\"margin-top:var(--wp--preset--spacing--50);margin-bottom:var(--wp--preset--spacing--50)\">Nos vemos en Las Vegas.<\/p>\n","protected":false},"excerpt":{"rendered":"<p>MotoRad vuelve a Las Vegas para la feria AAPEX 2026, del 3 al 5 de noviembre, donde nuestro equipo internacional [&#8230;]<\/p>\n","protected":false},"author":2,"featured_media":88955,"comment_status":"closed","ping_status":"closed","sticky":false,"template":"","format":"standard","meta":{"_acf_changed":false,"footnotes":""},"categories":[2496,2497,25],"tags":[],"class_list":["post-88958","post","type-post","status-publish","format-standard","has-post-thumbnail","hentry","category-destacado","category-noticias-y-comunicados-de-prensa","category-sin-categoria"],"acf":[],"yoast_head":"<!-- This site is optimized with the Yoast SEO Premium plugin v27.9 (Yoast SEO v27.9) - https:\/\/yoast.com\/product\/yoast-seo-premium-wordpress\/ -->\n<title>MotoRad en AAPEX 2026: M\u00e1s formas de decir S\u00cd - MotoRad<\/title>\n<meta name=\"description\" content=\"MotoRad - MotoRad en AAPEX 2026: M\u00e1s formas de decir S\u00cd\" \/>\n<meta name=\"robots\" content=\"index, follow, max-snippet:-1, max-image-preview:large, max-video-preview:-1\" \/>\n<link rel=\"canonical\" href=\"https:\/\/motorad.com\/es\/motorad-en-aapex-2026-mas-formas-de-decir-si\/\" \/>\n<meta property=\"og:locale\" content=\"es_ES\" \/>\n<meta property=\"og:type\" content=\"article\" \/>\n<meta property=\"og:title\" content=\"MotoRad en AAPEX 2026: M\u00e1s formas de decir S\u00cd\" \/>\n<meta property=\"og:description\" content=\"MotoRad - MotoRad en AAPEX 2026: M\u00e1s formas de decir S\u00cd\" \/>\n<meta property=\"og:url\" content=\"https:\/\/motorad.com\/es\/motorad-en-aapex-2026-mas-formas-de-decir-si\/\" \/>\n<meta property=\"og:site_name\" content=\"MotoRad\" \/>\n<meta property=\"article:publisher\" content=\"https:\/\/www.facebook.com\/motoradusa\" \/>\n<meta property=\"article:published_time\" content=\"2026-08-28T18:21:51+00:00\" \/>\n<meta property=\"article:modified_time\" content=\"2026-08-28T18:23:17+00:00\" \/>\n<meta property=\"og:image\" content=\"https:\/\/motorad.com\/wp-content\/uploads\/2026\/08\/aapex-booth.png\" \/>\n\t<meta property=\"og:image:width\" content=\"1448\" \/>\n\t<meta property=\"og:image:height\" content=\"1086\" \/>\n\t<meta property=\"og:image:type\" content=\"image\/png\" \/>\n<meta name=\"author\" content=\"Scott Payton\" \/>\n<meta name=\"twitter:card\" content=\"summary_large_image\" \/>\n<meta name=\"twitter:creator\" content=\"@MotoRadUSA\" \/>\n<meta name=\"twitter:site\" content=\"@MotoRadUSA\" \/>\n<meta name=\"twitter:label1\" content=\"Escrito por\" \/>\n\t<meta name=\"twitter:data1\" content=\"Scott Payton\" \/>\n\t<meta name=\"twitter:label2\" content=\"Tiempo de lectura\" \/>\n\t<meta name=\"twitter:data2\" content=\"2 minuto\" \/>\n<script type=\"application\/ld+json\" class=\"yoast-schema-graph\">{\"@context\":\"https:\\\/\\\/schema.org\",\"@graph\":[{\"@type\":\"Article\",\"@id\":\"https:\\\/\\\/motorad.com\\\/es\\\/motorad-en-aapex-2026-mas-formas-de-decir-si\\\/#article\",\"isPartOf\":{\"@id\":\"https:\\\/\\\/motorad.com\\\/es\\\/motorad-en-aapex-2026-mas-formas-de-decir-si\\\/\"},\"author\":{\"name\":\"Scott Payton\",\"@id\":\"https:\\\/\\\/motorad.com\\\/es\\\/#\\\/schema\\\/person\\\/8d9868bb43f89fa3cab136f2001208ae\"},\"headline\":\"MotoRad en AAPEX 2026: M\u00e1s formas de decir S\u00cd\",\"datePublished\":\"2026-08-28T18:21:51+00:00\",\"dateModified\":\"2026-08-28T18:23:17+00:00\",\"mainEntityOfPage\":{\"@id\":\"https:\\\/\\\/motorad.com\\\/es\\\/motorad-en-aapex-2026-mas-formas-de-decir-si\\\/\"},\"wordCount\":472,\"publisher\":{\"@id\":\"https:\\\/\\\/motorad.com\\\/es\\\/#organization\"},\"image\":{\"@id\":\"https:\\\/\\\/motorad.com\\\/es\\\/motorad-en-aapex-2026-mas-formas-de-decir-si\\\/#primaryimage\"},\"thumbnailUrl\":\"https:\\\/\\\/motorad.com\\\/wp-content\\\/uploads\\\/2026\\\/08\\\/aapex-booth.png\",\"articleSection\":[\"Destacado\",\"Noticias y comunicados de prensa\"],\"inLanguage\":\"es\"},{\"@type\":\"WebPage\",\"@id\":\"https:\\\/\\\/motorad.com\\\/es\\\/motorad-en-aapex-2026-mas-formas-de-decir-si\\\/\",\"url\":\"https:\\\/\\\/motorad.com\\\/es\\\/motorad-en-aapex-2026-mas-formas-de-decir-si\\\/\",\"name\":\"MotoRad en AAPEX 2026: M\u00e1s formas de decir S\u00cd - MotoRad\",\"isPartOf\":{\"@id\":\"https:\\\/\\\/motorad.com\\\/es\\\/#website\"},\"primaryImageOfPage\":{\"@id\":\"https:\\\/\\\/motorad.com\\\/es\\\/motorad-en-aapex-2026-mas-formas-de-decir-si\\\/#primaryimage\"},\"image\":{\"@id\":\"https:\\\/\\\/motorad.com\\\/es\\\/motorad-en-aapex-2026-mas-formas-de-decir-si\\\/#primaryimage\"},\"thumbnailUrl\":\"https:\\\/\\\/motorad.com\\\/wp-content\\\/uploads\\\/2026\\\/08\\\/aapex-booth.png\",\"datePublished\":\"2026-08-28T18:21:51+00:00\",\"dateModified\":\"2026-08-28T18:23:17+00:00\",\"description\":\"MotoRad - MotoRad en AAPEX 2026: M\u00e1s formas de decir S\u00cd\",\"breadcrumb\":{\"@id\":\"https:\\\/\\\/motorad.com\\\/es\\\/motorad-en-aapex-2026-mas-formas-de-decir-si\\\/#breadcrumb\"},\"inLanguage\":\"es\",\"potentialAction\":[{\"@type\":\"ReadAction\",\"target\":[\"https:\\\/\\\/motorad.com\\\/es\\\/motorad-en-aapex-2026-mas-formas-de-decir-si\\\/\"]}]},{\"@type\":\"ImageObject\",\"inLanguage\":\"es\",\"@id\":\"https:\\\/\\\/motorad.com\\\/es\\\/motorad-en-aapex-2026-mas-formas-de-decir-si\\\/#primaryimage\",\"url\":\"https:\\\/\\\/motorad.com\\\/wp-content\\\/uploads\\\/2026\\\/08\\\/aapex-booth.png\",\"contentUrl\":\"https:\\\/\\\/motorad.com\\\/wp-content\\\/uploads\\\/2026\\\/08\\\/aapex-booth.png\",\"width\":1448,\"height\":1086},{\"@type\":\"BreadcrumbList\",\"@id\":\"https:\\\/\\\/motorad.com\\\/es\\\/motorad-en-aapex-2026-mas-formas-de-decir-si\\\/#breadcrumb\",\"itemListElement\":[{\"@type\":\"ListItem\",\"position\":1,\"name\":\"Home\",\"item\":\"https:\\\/\\\/motorad.com\\\/es\\\/\"},{\"@type\":\"ListItem\",\"position\":2,\"name\":\"MotoRad en AAPEX 2026: M\u00e1s formas de decir S\u00cd\"}]},{\"@type\":\"WebSite\",\"@id\":\"https:\\\/\\\/motorad.com\\\/es\\\/#website\",\"url\":\"https:\\\/\\\/motorad.com\\\/es\\\/\",\"name\":\"MotoRad\",\"description\":\"Trusted to Deliver Better - Thermal Management, Emissions, Powertrain Controls\",\"publisher\":{\"@id\":\"https:\\\/\\\/motorad.com\\\/es\\\/#organization\"},\"potentialAction\":[{\"@type\":\"SearchAction\",\"target\":{\"@type\":\"EntryPoint\",\"urlTemplate\":\"https:\\\/\\\/motorad.com\\\/es\\\/?s={search_term_string}\"},\"query-input\":{\"@type\":\"PropertyValueSpecification\",\"valueRequired\":true,\"valueName\":\"search_term_string\"}}],\"inLanguage\":\"es\"},{\"@type\":\"Organization\",\"@id\":\"https:\\\/\\\/motorad.com\\\/es\\\/#organization\",\"name\":\"MotoRad\",\"url\":\"https:\\\/\\\/motorad.com\\\/es\\\/\",\"logo\":{\"@type\":\"ImageObject\",\"inLanguage\":\"es\",\"@id\":\"https:\\\/\\\/motorad.com\\\/es\\\/#\\\/schema\\\/logo\\\/image\\\/\",\"url\":\"https:\\\/\\\/motorad.com\\\/wp-content\\\/uploads\\\/2025\\\/01\\\/MotoRad_Logo.png\",\"contentUrl\":\"https:\\\/\\\/motorad.com\\\/wp-content\\\/uploads\\\/2025\\\/01\\\/MotoRad_Logo.png\",\"width\":358,\"height\":102,\"caption\":\"MotoRad\"},\"image\":{\"@id\":\"https:\\\/\\\/motorad.com\\\/es\\\/#\\\/schema\\\/logo\\\/image\\\/\"},\"sameAs\":[\"https:\\\/\\\/www.facebook.com\\\/motoradusa\",\"https:\\\/\\\/x.com\\\/MotoRadUSA\",\"https:\\\/\\\/www.linkedin.com\\\/company\\\/motorad\\\/\"]},{\"@type\":\"Person\",\"@id\":\"https:\\\/\\\/motorad.com\\\/es\\\/#\\\/schema\\\/person\\\/8d9868bb43f89fa3cab136f2001208ae\",\"name\":\"Scott Payton\",\"image\":{\"@type\":\"ImageObject\",\"inLanguage\":\"es\",\"@id\":\"https:\\\/\\\/secure.gravatar.com\\\/avatar\\\/34abe982d702d260af991831e7f11fe7c2f00fa862dc0a9081015be409e300db?s=96&d=mm&r=g\",\"url\":\"https:\\\/\\\/secure.gravatar.com\\\/avatar\\\/34abe982d702d260af991831e7f11fe7c2f00fa862dc0a9081015be409e300db?s=96&d=mm&r=g\",\"contentUrl\":\"https:\\\/\\\/secure.gravatar.com\\\/avatar\\\/34abe982d702d260af991831e7f11fe7c2f00fa862dc0a9081015be409e300db?s=96&d=mm&r=g\",\"caption\":\"Scott Payton\"},\"url\":\"https:\\\/\\\/motorad.com\\\/es\\\/author\\\/scott\\\/\"}]}<\/script>\n<!-- \/ Yoast SEO Premium plugin. -->","yoast_head_json":{"title":"MotoRad en AAPEX 2026: M\u00e1s formas de decir S\u00cd - MotoRad","description":"MotoRad - MotoRad en AAPEX 2026: M\u00e1s formas de decir S\u00cd","robots":{"index":"index","follow":"follow","max-snippet":"max-snippet:-1","max-image-preview":"max-image-preview:large","max-video-preview":"max-video-preview:-1"},"canonical":"https:\/\/motorad.com\/es\/motorad-en-aapex-2026-mas-formas-de-decir-si\/","og_locale":"es_ES","og_type":"article","og_title":"MotoRad en AAPEX 2026: M\u00e1s formas de decir S\u00cd","og_description":"MotoRad - MotoRad en AAPEX 2026: M\u00e1s formas de decir S\u00cd","og_url":"https:\/\/motorad.com\/es\/motorad-en-aapex-2026-mas-formas-de-decir-si\/","og_site_name":"MotoRad","article_publisher":"https:\/\/www.facebook.com\/motoradusa","article_published_time":"2026-08-28T18:21:51+00:00","article_modified_time":"2026-08-28T18:23:17+00:00","og_image":[{"width":1448,"height":1086,"url":"https:\/\/motorad.com\/wp-content\/uploads\/2026\/08\/aapex-booth.png","type":"image\/png"}],"author":"Scott Payton","twitter_card":"summary_large_image","twitter_creator":"@MotoRadUSA","twitter_site":"@MotoRadUSA","twitter_misc":{"Escrito por":"Scott Payton","Tiempo de lectura":"2 minuto"},"schema":{"@context":"https:\/\/schema.org","@graph":[{"@type":"Article","@id":"https:\/\/motorad.com\/es\/motorad-en-aapex-2026-mas-formas-de-decir-si\/#article","isPartOf":{"@id":"https:\/\/motorad.com\/es\/motorad-en-aapex-2026-mas-formas-de-decir-si\/"},"author":{"name":"Scott Payton","@id":"https:\/\/motorad.com\/es\/#\/schema\/person\/8d9868bb43f89fa3cab136f2001208ae"},"headline":"MotoRad en AAPEX 2026: M\u00e1s formas de decir S\u00cd","datePublished":"2026-08-28T18:21:51+00:00","dateModified":"2026-08-28T18:23:17+00:00","mainEntityOfPage":{"@id":"https:\/\/motorad.com\/es\/motorad-en-aapex-2026-mas-formas-de-decir-si\/"},"wordCount":472,"publisher":{"@id":"https:\/\/motorad.com\/es\/#organization"},"image":{"@id":"https:\/\/motorad.com\/es\/motorad-en-aapex-2026-mas-formas-de-decir-si\/#primaryimage"},"thumbnailUrl":"https:\/\/motorad.com\/wp-content\/uploads\/2026\/08\/aapex-booth.png","articleSection":["Destacado","Noticias y comunicados de prensa"],"inLanguage":"es"},{"@type":"WebPage","@id":"https:\/\/motorad.com\/es\/motorad-en-aapex-2026-mas-formas-de-decir-si\/","url":"https:\/\/motorad.com\/es\/motorad-en-aapex-2026-mas-formas-de-decir-si\/","name":"MotoRad en AAPEX 2026: M\u00e1s formas de decir S\u00cd - MotoRad","isPartOf":{"@id":"https:\/\/motorad.com\/es\/#website"},"primaryImageOfPage":{"@id":"https:\/\/motorad.com\/es\/motorad-en-aapex-2026-mas-formas-de-decir-si\/#primaryimage"},"image":{"@id":"https:\/\/motorad.com\/es\/motorad-en-aapex-2026-mas-formas-de-decir-si\/#primaryimage"},"thumbnailUrl":"https:\/\/motorad.com\/wp-content\/uploads\/2026\/08\/aapex-booth.png","datePublished":"2026-08-28T18:21:51+00:00","dateModified":"2026-08-28T18:23:17+00:00","description":"MotoRad - MotoRad en AAPEX 2026: M\u00e1s formas de decir S\u00cd","breadcrumb":{"@id":"https:\/\/motorad.com\/es\/motorad-en-aapex-2026-mas-formas-de-decir-si\/#breadcrumb"},"inLanguage":"es","potentialAction":[{"@type":"ReadAction","target":["https:\/\/motorad.com\/es\/motorad-en-aapex-2026-mas-formas-de-decir-si\/"]}]},{"@type":"ImageObject","inLanguage":"es","@id":"https:\/\/motorad.com\/es\/motorad-en-aapex-2026-mas-formas-de-decir-si\/#primaryimage","url":"https:\/\/motorad.com\/wp-content\/uploads\/2026\/08\/aapex-booth.png","contentUrl":"https:\/\/motorad.com\/wp-content\/uploads\/2026\/08\/aapex-booth.png","width":1448,"height":1086},{"@type":"BreadcrumbList","@id":"https:\/\/motorad.com\/es\/motorad-en-aapex-2026-mas-formas-de-decir-si\/#breadcrumb","itemListElement":[{"@type":"ListItem","position":1,"name":"Home","item":"https:\/\/motorad.com\/es\/"},{"@type":"ListItem","position":2,"name":"MotoRad en AAPEX 2026: M\u00e1s formas de decir S\u00cd"}]},{"@type":"WebSite","@id":"https:\/\/motorad.com\/es\/#website","url":"https:\/\/motorad.com\/es\/","name":"MotoRad","description":"Trusted to Deliver Better - Thermal Management, Emissions, Powertrain Controls","publisher":{"@id":"https:\/\/motorad.com\/es\/#organization"},"potentialAction":[{"@type":"SearchAction","target":{"@type":"EntryPoint","urlTemplate":"https:\/\/motorad.com\/es\/?s={search_term_string}"},"query-input":{"@type":"PropertyValueSpecification","valueRequired":true,"valueName":"search_term_string"}}],"inLanguage":"es"},{"@type":"Organization","@id":"https:\/\/motorad.com\/es\/#organization","name":"MotoRad","url":"https:\/\/motorad.com\/es\/","logo":{"@type":"ImageObject","inLanguage":"es","@id":"https:\/\/motorad.com\/es\/#\/schema\/logo\/image\/","url":"https:\/\/motorad.com\/wp-content\/uploads\/2025\/01\/MotoRad_Logo.png","contentUrl":"https:\/\/motorad.com\/wp-content\/uploads\/2025\/01\/MotoRad_Logo.png","width":358,"height":102,"caption":"MotoRad"},"image":{"@id":"https:\/\/motorad.com\/es\/#\/schema\/logo\/image\/"},"sameAs":["https:\/\/www.facebook.com\/motoradusa","https:\/\/x.com\/MotoRadUSA","https:\/\/www.linkedin.com\/company\/motorad\/"]},{"@type":"Person","@id":"https:\/\/motorad.com\/es\/#\/schema\/person\/8d9868bb43f89fa3cab136f2001208ae","name":"Scott Payton","image":{"@type":"ImageObject","inLanguage":"es","@id":"https:\/\/secure.gravatar.com\/avatar\/34abe982d702d260af991831e7f11fe7c2f00fa862dc0a9081015be409e300db?s=96&d=mm&r=g","url":"https:\/\/secure.gravatar.com\/avatar\/34abe982d702d260af991831e7f11fe7c2f00fa862dc0a9081015be409e300db?s=96&d=mm&r=g","contentUrl":"https:\/\/secure.gravatar.com\/avatar\/34abe982d702d260af991831e7f11fe7c2f00fa862dc0a9081015be409e300db?s=96&d=mm&r=g","caption":"Scott Payton"},"url":"https:\/\/motorad.com\/es\/author\/scott\/"}]}},"_links":{"self":[{"href":"https:\/\/motorad.com\/es\/wp-json\/wp\/v2\/posts\/88958","targetHints":{"allow":["GET"]}}],"collection":[{"href":"https:\/\/motorad.com\/es\/wp-json\/wp\/v2\/posts"}],"about":[{"href":"https:\/\/motorad.com\/es\/wp-json\/wp\/v2\/types\/post"}],"author":[{"embeddable":true,"href":"https:\/\/motorad.com\/es\/wp-json\/wp\/v2\/users\/2"}],"replies":[{"embeddable":true,"href":"https:\/\/motorad.com\/es\/wp-json\/wp\/v2\/comments?post=88958"}],"version-history":[{"count":1,"href":"https:\/\/motorad.com\/es\/wp-json\/wp\/v2\/posts\/88958\/revisions"}],"predecessor-version":[{"id":88959,"href":"https:\/\/motorad.com\/es\/wp-json\/wp\/v2\/posts\/88958\/revisions\/88959"}],"wp:featuredmedia":[{"embeddable":true,"href":"https:\/\/motorad.com\/es\/wp-json\/wp\/v2\/media\/88955"}],"wp:attachment":[{"href":"https:\/\/motorad.com\/es\/wp-json\/wp\/v2\/media?parent=88958"}],"wp:term":[{"taxonomy":"category","embeddable":true,"href":"https:\/\/motorad.com\/es\/wp-json\/wp\/v2\/categories?post=88958"},{"taxonomy":"post_tag","embeddable":true,"href":"https:\/\/motorad.com\/es\/wp-json\/wp\/v2\/tags?post=88958"}],"curies":[{"name":"wp","href":"https:\/\/api.w.org\/{rel}","templated":true}]}}